{"id":626,"date":"2024-10-15T11:36:04","date_gmt":"2024-10-15T14:36:04","guid":{"rendered":"https:\/\/clipcom.com.br\/blog\/?p=626"},"modified":"2025-07-30T10:23:35","modified_gmt":"2025-07-30T13:23:35","slug":"washington-olivetto-vive-em-mim-eu-nem-sabia","status":"publish","type":"post","link":"https:\/\/clipcom.com.br\/blog\/washington-olivetto-vive-em-mim-eu-nem-sabia\/","title":{"rendered":"Washington Olivetto vive em mim (e eu nem sabia!)"},"content":{"rendered":"\n<h4 class=\"wp-block-heading\"><em>O que a obra de um dos maiores publicit\u00e1rios brasileiros nos ensina<\/em> <em>sobre comunica\u00e7\u00e3o<\/em><\/h4>\n\n\n\n<p>Quando eu soube da morte de Washington Olivetto com apenas 73 anos fiquei consternado. Hoje com 58 anos, eu acho que morrer aos 73 anos \u00e9 morrer na &#8220;flor da idade&#8221;.  Ent\u00e3o comecei a ser relembrado pela m\u00eddia de todos os grandes cases de sucesso deste g\u00eanio da publicidade brasileira. <\/p>\n\n\n\n<p>Me lembrava do comercial do primeiro suti\u00e3, da Valisere, do <a href=\"https:\/\/www.youtube.com\/watch?v=gzq-EkD9DiE\" target=\"_blank\" rel=\"noreferrer noopener nofollow\">cachorrinho da Cofap<\/a>, do<a href=\"https:\/\/www.youtube.com\/watch?v=SpZOQ0aZsXk\" target=\"_blank\" rel=\"noreferrer noopener nofollow\"> Garoto Bombril <\/a>(brilhantemente interpretado por Carlos Moreno que tive o prazer de conhecer pessoalmente quando fui coordenador do curso de Publicidade e Propaganda, na Anhanguera Educacional). Me lembrava tamb\u00e9m do &#8220;<a href=\"https:\/\/www.youtube.com\/watch?v=b9ATQrfVl8E\" target=\"_blank\" rel=\"noreferrer noopener nofollow\">isso n\u00e3o \u00e9 uma Brastemp, mas vende<\/a>&#8220;. E ai fui lembrado de tantos outros grandes sucessos como &#8220;<a href=\"https:\/\/www.youtube.com\/watch?v=GzYWPjJkiM4\" target=\"_blank\" rel=\"noreferrer noopener nofollow\">Compre Baton<\/a>, compre Baton&#8221; \u2013 para a Garoto, &#8220;D\u00ea f\u00e9rias para os seus p\u00e9s&#8221; \u2013 para a Rider, e o genial <a href=\"https:\/\/www.youtube.com\/watch?v=kpk9nEsVeMA\" target=\"_blank\" rel=\"noreferrer noopener nofollow\">comercial do Hitler,<\/a> para a Folha de S. Paulo, com frases simplesmente fant\u00e1sticas como &#8220;\u00e9 poss\u00edvel contar um monte de mentiras, contando s\u00f3 a verdade&#8221; e no final, &#8220;o jornal que mais se compra e nunca se vende&#8221;. Caramba! G\u00eanio!<\/p>\n\n\n\n<p><strong>A\u00ed me peguei pensando que eu s\u00f3 estudei Comunica\u00e7\u00e3o Social, s\u00f3 virei jornalista e marketeiro porque esses comerciais geniais me fascinavam.<\/strong> Me lembro de pensar: &#8220;Deve existir uma t\u00e9cnica, um segredo para criar mensagens assim, t\u00e3o legais, t\u00e3o &#8220;uau!&#8221; que tiram um sorriso do rosto das pessoas, que as emociona e as convencem de forma simples e, ao mesmo tempo, profunda a acreditar em um produto, servi\u00e7o ou ideia&#8221;. E hoje, depois da faculdade de Comunica\u00e7\u00e3o, centenas de livros lidos, muitos podcasts, videos e aulas online assistidas e muito trabalho pr\u00e1tico em comunica\u00e7\u00e3o, publicidade e marketing, descobri que muito pouco disso se aprende na teoria. <em><strong>Comunicar-se de forma persuasiva tem t\u00e9cnica sim, mas \u00e9, acima de tudo \u00e9 uma arte, um talento, um dom que envolve muita sensibilidade para entender o ser humano!<\/strong><\/em><\/p>\n\n\n\n<p>Ent\u00e3o, como n\u00e3o sou um g\u00eanio da publicidade, preciso me inspirar na obra de Washington Olivetto e tentar sugar ao m\u00e1ximo o legado que ele deixou j\u00e1 que &#8211; sem que eu soubesse &#8211; ele j\u00e1 me inspirou a seguir na carreira de comunicador. Por isso, quero compartilhar com voc\u00ea aqui, alguns insights que tive ao rever um pouco da obra de Olivetto.<\/p>\n\n\n\n<h3 class=\"wp-block-heading\"><strong>1. O Produto \u00e9 Coadjuvante<\/strong><\/h3>\n\n\n\n<p>Uma das principais caracter\u00edsticas dos comerciais criados por Olivetto \u00e9 que o produto muitas vezes n\u00e3o \u00e9 o protagonista. Ele acreditava que, para captar a aten\u00e7\u00e3o do p\u00fablico, era preciso criar um enredo envolvente, onde o produto surge como um coadjuvante que complementa a hist\u00f3ria.<\/p>\n\n\n\n<p>Um exemplo emblem\u00e1tico \u00e9 o comercial &#8220;<a href=\"https:\/\/www.youtube.com\/watch?v=iQ9EjVwVvFQ\" target=\"_blank\" rel=\"noreferrer noopener nofollow\">O Primeiro Suti\u00e3 a Gente Nunca Esquece<\/a>&#8220;, criado para a Valis\u00e8re em 1987. A campanha n\u00e3o focava diretamente no suti\u00e3, mas na emo\u00e7\u00e3o da experi\u00eancia de uma jovem que ganha seu primeiro suti\u00e3, um marco na vida de qualquer adolescente. O produto est\u00e1 presente, mas o centro da hist\u00f3ria \u00e9 a experi\u00eancia humana.<\/p>\n\n\n\n<p>Essa abordagem tem resson\u00e2ncia com as ideias de Philip Kotler, um dos maiores nomes do marketing, que refor\u00e7a que o foco do marketing moderno deve ser nas experi\u00eancias e emo\u00e7\u00f5es que a marca proporciona, e n\u00e3o apenas nas caracter\u00edsticas do produto. Em seu livro <em>Marketing 4.0<\/em>, Kotler destaca a import\u00e2ncia de criar valor al\u00e9m do produto, gerando hist\u00f3rias que envolvem e conectam o p\u00fablico \u00e0 marca.<\/p>\n\n\n\n<h3 class=\"wp-block-heading\"><strong>2. \u00c9 Preciso Contar Hist\u00f3rias<\/strong><\/h3>\n\n\n\n<p>Washington Olivetto sempre acreditou no poder das hist\u00f3rias para cativar a audi\u00eancia. Em seus comerciais, ele desenvolveu narrativas que iam al\u00e9m da simples venda, apostando em roteiros que poderiam ser confundidos com cenas de cinema ou de uma cr\u00f4nica bem contada.<\/p>\n\n\n<div class=\"wp-block-image\">\n<figure class=\"alignright size-large is-resized\"><img loading=\"lazy\" decoding=\"async\" width=\"1024\" height=\"1024\" src=\"https:\/\/clipcom.com.br\/blog\/wp-content\/uploads\/2024\/10\/carlos-moreno-em-propaganda-da-bombril-lancamento-da-la-de-aco-foi-um-sucesso-1682356043847_v2_1x11-1024x1024.jpg\" alt=\"\" class=\"wp-image-658\" style=\"width:314px;height:auto\" title=\"\" srcset=\"https:\/\/clipcom.com.br\/blog\/wp-content\/uploads\/2024\/10\/carlos-moreno-em-propaganda-da-bombril-lancamento-da-la-de-aco-foi-um-sucesso-1682356043847_v2_1x11-1024x1024.jpg 1024w, https:\/\/clipcom.com.br\/blog\/wp-content\/uploads\/2024\/10\/carlos-moreno-em-propaganda-da-bombril-lancamento-da-la-de-aco-foi-um-sucesso-1682356043847_v2_1x11-300x300.jpg 300w, https:\/\/clipcom.com.br\/blog\/wp-content\/uploads\/2024\/10\/carlos-moreno-em-propaganda-da-bombril-lancamento-da-la-de-aco-foi-um-sucesso-1682356043847_v2_1x11-150x150.jpg 150w, https:\/\/clipcom.com.br\/blog\/wp-content\/uploads\/2024\/10\/carlos-moreno-em-propaganda-da-bombril-lancamento-da-la-de-aco-foi-um-sucesso-1682356043847_v2_1x11-768x769.jpg 768w, https:\/\/clipcom.com.br\/blog\/wp-content\/uploads\/2024\/10\/carlos-moreno-em-propaganda-da-bombril-lancamento-da-la-de-aco-foi-um-sucesso-1682356043847_v2_1x11.jpg 1071w\" sizes=\"auto, (max-width: 1024px) 100vw, 1024px\" \/><\/figure>\n<\/div>\n\n\n<p>Um exemplo cl\u00e1ssico \u00e9 a campanha do &#8220;<a href=\"https:\/\/www.youtube.com\/watch?v=SpZOQ0aZsXk\" target=\"_blank\" rel=\"noreferrer noopener nofollow\">Garoto Bombril<\/a>&#8220;, que durou mais de 30 anos e se tornou um dos personagens mais conhecidos da publicidade brasileira. Carlos Moreno, interpretando o garoto-propaganda, n\u00e3o falava apenas do produto em si, mas contava pequenas hist\u00f3rias em que o Bombril era a solu\u00e7\u00e3o para situa\u00e7\u00f5es cotidianas.<\/p>\n\n\n\n<p>Um dos comerciais mais fant\u00e1sticos que aproveita o storytelling \u00e9 o que Washington criou para a <a href=\"https:\/\/www.youtube.com\/watch?v=s17KDo_s3yE\" rel=\"nofollow noopener\" target=\"_blank\">Mercedes Benz Classe A,<\/a> onde um policial rodovi\u00e1rio \u00e9 envolvido na hist\u00f3ria de uma fam\u00edlia. Al\u00e9m de uma hist\u00f3ria dram\u00e1tica e emocionante, o comercial ainda tem um sutil toque de humor que \u00e9 simplesmente genial! Ali\u00e1s, este comercial \u00e9 tamb\u00e9m um exemplo da terceira li\u00e7\u00e3o que Washington Olivetto nos deixa:<\/p>\n\n\n\n<hr class=\"wp-block-separator has-alpha-channel-opacity\"\/>\n\n\n\n<h3 class=\"wp-block-heading\"><strong>3. <\/strong><strong>\u00c9 Preciso Fazer Rir<\/strong><\/h3>\n\n\n\n<p>O humor \u00e9 outro elemento central nas campanhas de Washington Olivetto. Ele sabia que, ao fazer o p\u00fablico rir, a marca se tornava mais acess\u00edvel e memor\u00e1vel. O humor, quando bem utilizado, quebra a barreira entre a marca e o consumidor, facilitando a receptividade da mensagem e tornando a experi\u00eancia mais prazerosa.<\/p>\n\n\n\n<p>Um exemplo marcante \u00e9 novamente a campanha do<a href=\"https:\/\/www.youtube.com\/watch?v=pKZfDapB-dA\" target=\"_blank\" rel=\"noreferrer noopener nofollow\"> &#8220;Casal Unibanco&#8221;<\/a>, que mesclava humor e um toque de ironia ao retratar situa\u00e7\u00f5es cotidianas de um casal de forma leve e divertida. O &#8220;Garoto Bombril&#8221;, tamb\u00e9m era por si uma piada, pelo jeito &#8220;diferente&#8221; e caricato de ser. Al\u00e9m disso, fazia piadas sutis enquanto destacava a versatilidade dos produtos Bombril, sempre com um tom descontra\u00eddo que conquistava o p\u00fablico. Ou ainda o comercial para o <a href=\"https:\/\/www.youtube.com\/watch?v=D6qH2D1Hhl8&amp;t=36s\" rel=\"nofollow noopener\" target=\"_blank\">752 da Vulcabr\u00e1s <\/a>com Hebe Camargo e seu marido L\u00e9lio. Ou ainda o comercial para a <a href=\"https:\/\/www.youtube.com\/watch?v=Allz95do7co\" target=\"_blank\" rel=\"noreferrer noopener nofollow\">Chocolates Garoto<\/a>, anunciando a nova caixa de bombons.<\/p>\n\n\n\n<h3 class=\"wp-block-heading\"><strong>4. \u00c9 Preciso criar conex\u00e3o com o p\u00fablico<\/strong><\/h3>\n\n\n\n<p>Para Olivetto, uma campanha publicit\u00e1ria s\u00f3 \u00e9 eficaz quando consegue estabelecer uma conex\u00e3o genu\u00edna com o p\u00fablico. Ele sempre buscou compreender os valores, os sonhos e o jeito de ser do brasileiro, criando campanhas que falavam diretamente ao cora\u00e7\u00e3o das pessoas. Na linguagem, nos trejeitos, nos costumes e tradi\u00e7\u00f5es, no jeito de encarar a vida e tirar sarro das coisas, t\u00edpicas do brasileiro, Olivetto soube gerar conex\u00e3o e, de forma sutil, passar a mensagem de seus clientes.<\/p>\n\n\n<div class=\"wp-block-image\">\n<figure class=\"alignright size-full is-resized\"><img loading=\"lazy\" decoding=\"async\" width=\"984\" height=\"554\" src=\"https:\/\/clipcom.com.br\/blog\/wp-content\/uploads\/2024\/10\/campanha-brastemp-inesperabilidade-14-.webp\" alt=\"\" class=\"wp-image-660\" style=\"width:416px;height:auto\" title=\"\" srcset=\"https:\/\/clipcom.com.br\/blog\/wp-content\/uploads\/2024\/10\/campanha-brastemp-inesperabilidade-14-.webp 984w, https:\/\/clipcom.com.br\/blog\/wp-content\/uploads\/2024\/10\/campanha-brastemp-inesperabilidade-14--300x169.webp 300w, https:\/\/clipcom.com.br\/blog\/wp-content\/uploads\/2024\/10\/campanha-brastemp-inesperabilidade-14--768x432.webp 768w\" sizes=\"auto, (max-width: 984px) 100vw, 984px\" \/><\/figure>\n<\/div>\n\n\n<p>O jeito simpl\u00f3rio e fr\u00e1gil do Garoto Bombril, com suas frases cheias de do\u00e7ura com uma pitada de sarcasmo; as conversas t\u00edpicas de dois grandes amigos como a dupla interpretada por Arthur Kohl e Wandi Doratiotto nos comerciais da Brastemp; e as situa\u00e7\u00f5es hil\u00e1rias do Casal Unibanco, que reproduziam em muitas vezes situa\u00e7\u00f5es vividas por casais brasileiro.<\/p>\n\n\n\n<h3 class=\"wp-block-heading\">Ele morreu, mas vive dentro de mim!<\/h3>\n\n\n\n<p>Por tudo isso, Washington Olivetto, n\u00e3o resta d\u00favida, foi um dos g\u00eanios da comunica\u00e7\u00e3o brasileira. Ele se foi, mas seu legado ficar\u00e1 para sempre na hist\u00f3ria da publicidade mundial e na cultura brasileira, com bord\u00f5es que viraram ditos populares e com historietas contadas em 30 segundos que nos fizeram rir e pensar: &#8220;Caramba, como uma pessoa pode pensar nisso?&#8221;.<\/p>\n\n\n\n<p>Obrigado Washington Olivetto por ter me influenciado na minha escolha profissional e na minha hist\u00f3ria. Precisei esperar voc\u00ea morrer para descobrir que voc\u00ea vive dentro de mim!<\/p>\n\n\n\n<p><\/p>\n\n\n\n<p><strong>Evandro Denzin<\/strong><\/p>\n\n\n\n<p><em>Diretor da Clip Comunica\u00e7\u00e3o e Marketing<\/em><\/p>\n\n\n\n<p><\/p>\n","protected":false},"excerpt":{"rendered":"<p>O que a obra de um dos maiores publicit\u00e1rios brasileiros nos ensina sobre comunica\u00e7\u00e3o Quando eu soube da morte de Washington Olivetto com apenas 73 anos fiquei consternado. Hoje com &#8230;<\/p>\n","protected":false},"author":1,"featured_media":656,"comment_status":"open","ping_status":"open","sticky":false,"template":"","format":"standard","meta":{"footnotes":""},"categories":[26],"tags":[],"class_list":["post-626","post","type-post","status-publish","format-standard","has-post-thumbnail","hentry","category-reflexoes"],"_links":{"self":[{"href":"https:\/\/clipcom.com.br\/blog\/wp-json\/wp\/v2\/posts\/626","targetHints":{"allow":["GET"]}}],"collection":[{"href":"https:\/\/clipcom.com.br\/blog\/wp-json\/wp\/v2\/posts"}],"about":[{"href":"https:\/\/clipcom.com.br\/blog\/wp-json\/wp\/v2\/types\/post"}],"author":[{"embeddable":true,"href":"https:\/\/clipcom.com.br\/blog\/wp-json\/wp\/v2\/users\/1"}],"replies":[{"embeddable":true,"href":"https:\/\/clipcom.com.br\/blog\/wp-json\/wp\/v2\/comments?post=626"}],"version-history":[{"count":8,"href":"https:\/\/clipcom.com.br\/blog\/wp-json\/wp\/v2\/posts\/626\/revisions"}],"predecessor-version":[{"id":661,"href":"https:\/\/clipcom.com.br\/blog\/wp-json\/wp\/v2\/posts\/626\/revisions\/661"}],"wp:featuredmedia":[{"embeddable":true,"href":"https:\/\/clipcom.com.br\/blog\/wp-json\/wp\/v2\/media\/656"}],"wp:attachment":[{"href":"https:\/\/clipcom.com.br\/blog\/wp-json\/wp\/v2\/media?parent=626"}],"wp:term":[{"taxonomy":"category","embeddable":true,"href":"https:\/\/clipcom.com.br\/blog\/wp-json\/wp\/v2\/categories?post=626"},{"taxonomy":"post_tag","embeddable":true,"href":"https:\/\/clipcom.com.br\/blog\/wp-json\/wp\/v2\/tags?post=626"}],"curies":[{"name":"wp","href":"https:\/\/api.w.org\/{rel}","templated":true}]}}